{"id":13165,"date":"2019-02-09T19:27:18","date_gmt":"2019-02-09T19:27:18","guid":{"rendered":"http:\/\/goladinha.eu\/blog\/?p=13165"},"modified":"2019-02-09T19:28:46","modified_gmt":"2019-02-09T19:28:46","slug":"morgen-regen","status":"publish","type":"post","link":"https:\/\/goladinha.eu\/blog\/2019\/02\/09\/morgen-regen\/","title":{"rendered":"Morgen Regen"},"content":{"rendered":"<p>Sabado 9 de Fevereiro 2019 \u2013 nachts \u2191\u2191\u21918\u00ba\u00a0 \/ tags \u2193\u219113\u00ba \u2013 Bew\u00f6lkung, <span style=\"color: #ff6600;\">nachmittags etwas Sonne<\/span><\/p>\n<p>Morgen, Sonntag, wird die sonnige Periode ganzt\u00e4gig unterbrochen &#8211; es kommt zum Regnen. K\u00e4lter soll es nicht werden. Ab Montag knallt die Sonne dann wieder auf die Iberische Halbinsel und das Thermometer klettert die kommenden Tage auf 18 Grad.<br \/>\nWir haben jetzt in unserem Fl\u00fcsschen wieder Niedrigwasser.<\/p>\n<div id=\"attachment_13168\" style=\"width: 510px\" class=\"wp-caption alignnone\"><a href=\"https:\/\/goladinha.eu\/blog\/wp-content\/files\/2019\/02\/alge_shore4__090219.jpg\" target=\"_blank\" rel=\"noopener\"><img loading=\"lazy\" decoding=\"async\" aria-describedby=\"caption-attachment-13168\" class=\"size-medium wp-image-13168\" src=\"https:\/\/goladinha.eu\/blog\/wp-content\/files\/2019\/02\/alge_shore4__090219-500x375.jpg\" alt=\"Alge Niedrigwasser - der Abbruch des Ufers wird umso sichtbarer, Goladinha\" width=\"500\" height=\"375\" srcset=\"https:\/\/goladinha.eu\/blog\/wp-content\/files\/2019\/02\/alge_shore4__090219-500x375.jpg 500w, https:\/\/goladinha.eu\/blog\/wp-content\/files\/2019\/02\/alge_shore4__090219-768x576.jpg 768w, https:\/\/goladinha.eu\/blog\/wp-content\/files\/2019\/02\/alge_shore4__090219-1760x1320.jpg 1760w, https:\/\/goladinha.eu\/blog\/wp-content\/files\/2019\/02\/alge_shore4__090219.jpg 1920w\" sizes=\"auto, (max-width: 500px) 100vw, 500px\" \/><\/a><p id=\"caption-attachment-13168\" class=\"wp-caption-text\"><a href=\"http:\/\/engenhoerio.pt\/\" target=\"_blank\" rel=\"noopener\">Engenho e Rio<\/a> (die verantwortliche Organisation f\u00fcr Sanierung des Flussbeckens) hat mich gebeten, die Situation des Uferabbruchs durch den vergangenen Starkregen, bei Niedrigwasser zu fotografieren.<\/p><\/div>\n<div id=\"attachment_13166\" style=\"width: 510px\" class=\"wp-caption alignnone\"><a href=\"https:\/\/goladinha.eu\/blog\/wp-content\/files\/2019\/02\/alge_shore1__090219.jpg\" target=\"_blank\" rel=\"noopener\"><img loading=\"lazy\" decoding=\"async\" aria-describedby=\"caption-attachment-13166\" class=\"size-medium wp-image-13166\" src=\"https:\/\/goladinha.eu\/blog\/wp-content\/files\/2019\/02\/alge_shore1__090219-500x375.jpg\" alt=\"Alge Niedrigwasser - der Abbruch des Ufers wird umso sichtbarer, Goladinha\" width=\"500\" height=\"375\" srcset=\"https:\/\/goladinha.eu\/blog\/wp-content\/files\/2019\/02\/alge_shore1__090219-500x375.jpg 500w, https:\/\/goladinha.eu\/blog\/wp-content\/files\/2019\/02\/alge_shore1__090219-768x576.jpg 768w, https:\/\/goladinha.eu\/blog\/wp-content\/files\/2019\/02\/alge_shore1__090219-1760x1320.jpg 1760w, https:\/\/goladinha.eu\/blog\/wp-content\/files\/2019\/02\/alge_shore1__090219.jpg 1920w\" sizes=\"auto, (max-width: 500px) 100vw, 500px\" \/><\/a><p id=\"caption-attachment-13166\" class=\"wp-caption-text\">Das Ausmass des abgeschwemmten Ufers wird nun deutlicher.<\/p><\/div>\n<div id=\"attachment_13167\" style=\"width: 510px\" class=\"wp-caption alignnone\"><a href=\"https:\/\/goladinha.eu\/blog\/wp-content\/files\/2019\/02\/alge_shore8__090219.jpg\" target=\"_blank\" rel=\"noopener\"><img loading=\"lazy\" decoding=\"async\" aria-describedby=\"caption-attachment-13167\" class=\"size-medium wp-image-13167\" src=\"https:\/\/goladinha.eu\/blog\/wp-content\/files\/2019\/02\/alge_shore8__090219-500x375.jpg\" alt=\"Alge Niedrigwasser - der Abbruch des Ufers wird umso sichtbarer, Goladinha\" width=\"500\" height=\"375\" srcset=\"https:\/\/goladinha.eu\/blog\/wp-content\/files\/2019\/02\/alge_shore8__090219-500x375.jpg 500w, https:\/\/goladinha.eu\/blog\/wp-content\/files\/2019\/02\/alge_shore8__090219-768x576.jpg 768w, https:\/\/goladinha.eu\/blog\/wp-content\/files\/2019\/02\/alge_shore8__090219-1760x1320.jpg 1760w, https:\/\/goladinha.eu\/blog\/wp-content\/files\/2019\/02\/alge_shore8__090219.jpg 1920w\" sizes=\"auto, (max-width: 500px) 100vw, 500px\" \/><\/a><p id=\"caption-attachment-13167\" class=\"wp-caption-text\">Zwei Bahnen Drainagefliess wurden eingebracht. Die unterste Bahn wedelt schon munter im Strom. Durchschnittlich vier Meter Uferzone sind dahin.<\/p><\/div>\n<p>&nbsp;<\/p>\n","protected":false},"excerpt":{"rendered":"<p>Sabado 9 de Fevereiro 2019 \u2013 nachts \u2191\u2191\u21918\u00ba\u00a0 \/ tags \u2193\u219113\u00ba \u2013 Bew\u00f6lkung, nachmittags etwas Sonne Morgen, Sonntag, wird die sonnige Periode ganzt\u00e4gig unterbrochen &#8211; es kommt zum Regnen. K\u00e4lter soll es nicht werden. Ab Montag knallt die Sonne dann wieder auf die Iberische Halbinsel und das Thermometer klettert die kommenden Tage auf 18 Grad. [&hellip;]<\/p>\n","protected":false},"author":1,"featured_media":0,"comment_status":"open","ping_status":"open","sticky":false,"template":"","format":"standard","meta":{"footnotes":""},"categories":[10],"tags":[],"class_list":["post-13165","post","type-post","status-publish","format-standard","hentry","category-allgemein"],"_links":{"self":[{"href":"https:\/\/goladinha.eu\/blog\/wp-json\/wp\/v2\/posts\/13165","targetHints":{"allow":["GET"]}}],"collection":[{"href":"https:\/\/goladinha.eu\/blog\/wp-json\/wp\/v2\/posts"}],"about":[{"href":"https:\/\/goladinha.eu\/blog\/wp-json\/wp\/v2\/types\/post"}],"author":[{"embeddable":true,"href":"https:\/\/goladinha.eu\/blog\/wp-json\/wp\/v2\/users\/1"}],"replies":[{"embeddable":true,"href":"https:\/\/goladinha.eu\/blog\/wp-json\/wp\/v2\/comments?post=13165"}],"version-history":[{"count":3,"href":"https:\/\/goladinha.eu\/blog\/wp-json\/wp\/v2\/posts\/13165\/revisions"}],"predecessor-version":[{"id":13171,"href":"https:\/\/goladinha.eu\/blog\/wp-json\/wp\/v2\/posts\/13165\/revisions\/13171"}],"wp:attachment":[{"href":"https:\/\/goladinha.eu\/blog\/wp-json\/wp\/v2\/media?parent=13165"}],"wp:term":[{"taxonomy":"category","embeddable":true,"href":"https:\/\/goladinha.eu\/blog\/wp-json\/wp\/v2\/categories?post=13165"},{"taxonomy":"post_tag","embeddable":true,"href":"https:\/\/goladinha.eu\/blog\/wp-json\/wp\/v2\/tags?post=13165"}],"curies":[{"name":"wp","href":"https:\/\/api.w.org\/{rel}","templated":true}]}}