{"id":13136,"date":"2019-02-05T21:25:58","date_gmt":"2019-02-05T21:25:58","guid":{"rendered":"http:\/\/goladinha.eu\/blog\/?p=13136"},"modified":"2019-02-05T21:25:58","modified_gmt":"2019-02-05T21:25:58","slug":"pflanztag","status":"publish","type":"post","link":"https:\/\/goladinha.eu\/blog\/2019\/02\/05\/pflanztag\/","title":{"rendered":"Pflanztag"},"content":{"rendered":"<p>Terca, 5 de Fevereiro 2019 \u2013 nachts \u2191-1\u00ba\u00a0 \/ tags \u219116\u00ba \u2013 <span style=\"color: #ff6600;\"><strong>Sonne<\/strong><\/span><\/p>\n<p>Gestern haben wir von Sr. Joao Viola Carvalho 50 Eichenjungb\u00e4ume und zwei Lorbberb\u00e4ume bekommen. Diese wollten wir heute pflanzen.<\/p>\n<div id=\"attachment_13138\" style=\"width: 510px\" class=\"wp-caption alignnone\"><a href=\"https:\/\/goladinha.eu\/blog\/wp-content\/files\/2019\/02\/pflanztag_lorbeer__050219.jpg\" target=\"_blank\" rel=\"noopener\"><img loading=\"lazy\" decoding=\"async\" aria-describedby=\"caption-attachment-13138\" class=\"size-medium wp-image-13138\" src=\"https:\/\/goladinha.eu\/blog\/wp-content\/files\/2019\/02\/pflanztag_lorbeer__050219-500x313.jpg\" alt=\"Pflanztag, Lorbeer, Eichen, Nespera, Goladinha\" width=\"500\" height=\"313\" srcset=\"https:\/\/goladinha.eu\/blog\/wp-content\/files\/2019\/02\/pflanztag_lorbeer__050219-500x313.jpg 500w, https:\/\/goladinha.eu\/blog\/wp-content\/files\/2019\/02\/pflanztag_lorbeer__050219-768x480.jpg 768w, https:\/\/goladinha.eu\/blog\/wp-content\/files\/2019\/02\/pflanztag_lorbeer__050219.jpg 1920w\" sizes=\"auto, (max-width: 500px) 100vw, 500px\" \/><\/a><p id=\"caption-attachment-13138\" class=\"wp-caption-text\">In der Einfahrt zu Goladinha haben wir einen der zwei Lorbeerb\u00e4ume gepflanzt. Vorher jedoch gruben wir an der Stelle einen <a href=\"https:\/\/de.wikipedia.org\/wiki\/Japanische_Wollmispel\" target=\"_blank\" rel=\"noopener\">Nesperabaum<\/a> aus und pflanzten ihn rechts der Zufahrt. Der Nesperabaum (Japanische Wollmispel) vertr\u00e4gt das vergleichsweise rauhere Klima in Goladinha nicht so recht und tr\u00e4gt deswegen keine Fr\u00fcchte. Ausserdem ist er im dem Brand im Juni 2017 zum Opfer gefallen.<\/p><\/div>\n<div id=\"attachment_13139\" style=\"width: 510px\" class=\"wp-caption alignnone\"><a href=\"https:\/\/goladinha.eu\/blog\/wp-content\/files\/2019\/02\/pflanztag_wasser__050219.jpg\" target=\"_blank\" rel=\"noopener\"><img loading=\"lazy\" decoding=\"async\" aria-describedby=\"caption-attachment-13139\" class=\"size-medium wp-image-13139\" src=\"https:\/\/goladinha.eu\/blog\/wp-content\/files\/2019\/02\/pflanztag_wasser__050219-500x341.jpg\" alt=\"Eichen, Nespera, Wasserleitung leck geschlagen, Goladinha\" width=\"500\" height=\"341\" srcset=\"https:\/\/goladinha.eu\/blog\/wp-content\/files\/2019\/02\/pflanztag_wasser__050219-500x341.jpg 500w, https:\/\/goladinha.eu\/blog\/wp-content\/files\/2019\/02\/pflanztag_wasser__050219-768x523.jpg 768w, https:\/\/goladinha.eu\/blog\/wp-content\/files\/2019\/02\/pflanztag_wasser__050219.jpg 1920w\" sizes=\"auto, (max-width: 500px) 100vw, 500px\" \/><\/a><p id=\"caption-attachment-13139\" class=\"wp-caption-text\">Die Eichen haben wir begonnen am Westhang hinter den G\u00e4steh\u00e4usern zu pflanzen. Nachdem die erste Eiche ihren Platz gefunden hat, ist uns beim Pflanzen der zweiten Eiche ein Malheur passiert. Beim Pflanzloch stechen trafen wir die Wasserleitung die vom Tank zu den H\u00e4usern im Boden vergraben verl\u00e4uft. Dann war mit der Pflanzerei erstmal Feierabend &#8211; die Reparatur dauerte einige Stunden.<\/p><\/div>\n","protected":false},"excerpt":{"rendered":"<p>Terca, 5 de Fevereiro 2019 \u2013 nachts \u2191-1\u00ba\u00a0 \/ tags \u219116\u00ba \u2013 Sonne Gestern haben wir von Sr. Joao Viola Carvalho 50 Eichenjungb\u00e4ume und zwei Lorbberb\u00e4ume bekommen. Diese wollten wir heute pflanzen.<\/p>\n","protected":false},"author":1,"featured_media":0,"comment_status":"open","ping_status":"open","sticky":false,"template":"","format":"standard","meta":{"footnotes":""},"categories":[10],"tags":[],"class_list":["post-13136","post","type-post","status-publish","format-standard","hentry","category-allgemein"],"_links":{"self":[{"href":"https:\/\/goladinha.eu\/blog\/wp-json\/wp\/v2\/posts\/13136","targetHints":{"allow":["GET"]}}],"collection":[{"href":"https:\/\/goladinha.eu\/blog\/wp-json\/wp\/v2\/posts"}],"about":[{"href":"https:\/\/goladinha.eu\/blog\/wp-json\/wp\/v2\/types\/post"}],"author":[{"embeddable":true,"href":"https:\/\/goladinha.eu\/blog\/wp-json\/wp\/v2\/users\/1"}],"replies":[{"embeddable":true,"href":"https:\/\/goladinha.eu\/blog\/wp-json\/wp\/v2\/comments?post=13136"}],"version-history":[{"count":4,"href":"https:\/\/goladinha.eu\/blog\/wp-json\/wp\/v2\/posts\/13136\/revisions"}],"predecessor-version":[{"id":13142,"href":"https:\/\/goladinha.eu\/blog\/wp-json\/wp\/v2\/posts\/13136\/revisions\/13142"}],"wp:attachment":[{"href":"https:\/\/goladinha.eu\/blog\/wp-json\/wp\/v2\/media?parent=13136"}],"wp:term":[{"taxonomy":"category","embeddable":true,"href":"https:\/\/goladinha.eu\/blog\/wp-json\/wp\/v2\/categories?post=13136"},{"taxonomy":"post_tag","embeddable":true,"href":"https:\/\/goladinha.eu\/blog\/wp-json\/wp\/v2\/tags?post=13136"}],"curies":[{"name":"wp","href":"https:\/\/api.w.org\/{rel}","templated":true}]}}