{"id":13015,"date":"2019-01-20T21:16:25","date_gmt":"2019-01-20T21:16:25","guid":{"rendered":"http:\/\/goladinha.eu\/blog\/?p=13015"},"modified":"2019-01-20T21:18:12","modified_gmt":"2019-01-20T21:18:12","slug":"feigen-und-agaven","status":"publish","type":"post","link":"https:\/\/goladinha.eu\/blog\/2019\/01\/20\/feigen-und-agaven\/","title":{"rendered":"Feigen und Agaven"},"content":{"rendered":"<p>Domingo, 20 de Janeiro 2019 \u2013 nachts \u2191\u21936\u00ba, 3 L\/m\u00b2 <span style=\"color: #0000ff;\">Regen <\/span>\u2013 tags \u219112\u00ba \u2013<strong><span style=\"color: #ff6600;\"> Sonne<\/span><br \/>\n<\/strong><\/p>\n<p>Heute war ein herrliches Wetter um zu pflanzen. Verteilt \u00fcber das Grundst\u00fcck haben wir drei Feigenb\u00e4ume eingesetzt. Diese Art von Fruchtb\u00e4umen f\u00fchlen sich in Goladinha richtig wohl &#8211; hohe Ertr\u00e4ge sind in den kommenden Jahren zu erwarten.<\/p>\n<div id=\"attachment_13016\" style=\"width: 510px\" class=\"wp-caption alignnone\"><a href=\"https:\/\/goladinha.eu\/blog\/wp-content\/files\/2019\/01\/feigen_pflanzen__200119.jpg\" target=\"_blank\" rel=\"noopener\"><img loading=\"lazy\" decoding=\"async\" aria-describedby=\"caption-attachment-13016\" class=\"size-medium wp-image-13016\" src=\"https:\/\/goladinha.eu\/blog\/wp-content\/files\/2019\/01\/feigen_pflanzen__200119-500x375.jpg\" alt=\"Feigenb\u00e4ume, Agaven pflanzen, Goladinha\" width=\"500\" height=\"375\" srcset=\"https:\/\/goladinha.eu\/blog\/wp-content\/files\/2019\/01\/feigen_pflanzen__200119-500x375.jpg 500w, https:\/\/goladinha.eu\/blog\/wp-content\/files\/2019\/01\/feigen_pflanzen__200119-768x576.jpg 768w, https:\/\/goladinha.eu\/blog\/wp-content\/files\/2019\/01\/feigen_pflanzen__200119-1760x1320.jpg 1760w, https:\/\/goladinha.eu\/blog\/wp-content\/files\/2019\/01\/feigen_pflanzen__200119.jpg 1920w\" sizes=\"auto, (max-width: 500px) 100vw, 500px\" \/><\/a><p id=\"caption-attachment-13016\" class=\"wp-caption-text\">Ausserdem haben wir am Westhang \u00fcber den G\u00e4steh\u00e4usern mehr als 20 kleine Agaven in die Erde gestzt &#8211; Mitbringsel von einem Ausflug in der Serra, vergangene Woche. Dort oben am Aussichtsplatz Sao Joao do deserto haben einige grosse Pflanzen zahlreiche &#8222;Junge&#8220; gehabt.<\/p><\/div>\n","protected":false},"excerpt":{"rendered":"<p>Domingo, 20 de Janeiro 2019 \u2013 nachts \u2191\u21936\u00ba, 3 L\/m\u00b2 Regen \u2013 tags \u219112\u00ba \u2013 Sonne Heute war ein herrliches Wetter um zu pflanzen. Verteilt \u00fcber das Grundst\u00fcck haben wir drei Feigenb\u00e4ume eingesetzt. Diese Art von Fruchtb\u00e4umen f\u00fchlen sich in Goladinha richtig wohl &#8211; hohe Ertr\u00e4ge sind in den kommenden Jahren zu erwarten.<\/p>\n","protected":false},"author":1,"featured_media":0,"comment_status":"open","ping_status":"open","sticky":false,"template":"","format":"standard","meta":{"footnotes":""},"categories":[10],"tags":[],"class_list":["post-13015","post","type-post","status-publish","format-standard","hentry","category-allgemein"],"_links":{"self":[{"href":"https:\/\/goladinha.eu\/blog\/wp-json\/wp\/v2\/posts\/13015","targetHints":{"allow":["GET"]}}],"collection":[{"href":"https:\/\/goladinha.eu\/blog\/wp-json\/wp\/v2\/posts"}],"about":[{"href":"https:\/\/goladinha.eu\/blog\/wp-json\/wp\/v2\/types\/post"}],"author":[{"embeddable":true,"href":"https:\/\/goladinha.eu\/blog\/wp-json\/wp\/v2\/users\/1"}],"replies":[{"embeddable":true,"href":"https:\/\/goladinha.eu\/blog\/wp-json\/wp\/v2\/comments?post=13015"}],"version-history":[{"count":5,"href":"https:\/\/goladinha.eu\/blog\/wp-json\/wp\/v2\/posts\/13015\/revisions"}],"predecessor-version":[{"id":13021,"href":"https:\/\/goladinha.eu\/blog\/wp-json\/wp\/v2\/posts\/13015\/revisions\/13021"}],"wp:attachment":[{"href":"https:\/\/goladinha.eu\/blog\/wp-json\/wp\/v2\/media?parent=13015"}],"wp:term":[{"taxonomy":"category","embeddable":true,"href":"https:\/\/goladinha.eu\/blog\/wp-json\/wp\/v2\/categories?post=13015"},{"taxonomy":"post_tag","embeddable":true,"href":"https:\/\/goladinha.eu\/blog\/wp-json\/wp\/v2\/tags?post=13015"}],"curies":[{"name":"wp","href":"https:\/\/api.w.org\/{rel}","templated":true}]}}