{"id":1234,"date":"2013-04-30T23:14:18","date_gmt":"2013-04-30T22:14:18","guid":{"rendered":"http:\/\/goladinha.eu\/blog\/?p=1234"},"modified":"2013-04-30T23:16:53","modified_gmt":"2013-04-30T22:16:53","slug":"aguia","status":"publish","type":"post","link":"https:\/\/goladinha.eu\/blog\/2013\/04\/30\/aguia\/","title":{"rendered":"\u00e1guia"},"content":{"rendered":"<p><strong>Dienstag 30.<\/strong> April 2013, \u00a0 nachts <strong>5\u00b0<\/strong>C \u00a0\u00a0 &#8211;\u00a0 tags <strong>15<\/strong>\u00b0C\u00a0 &#8211;\u00a0 Bew\u00f6lkung und Sonne wechseln sich ab<\/p>\n<p>Heute am sp\u00e4ten Nachmittag nutzten zwei Adler die Thermik \u00fcber Goladinha und schraubten sich in die L\u00fcfte. \u00dcber eine Stunde lang umkreisten sie danach weitr\u00e4umig unser Grundst\u00fcck und gaben Laute von sich. <a title=\"ADLER - Symbolik und Tonbeispiel\" href=\"http:\/\/www.schamanische-krafttiere.de\/Krafttier_Adler.html\" target=\"_blank\">hier findest du eine Audiodatei und kannst \u00fcber die Symbolik des Adlers nachlesen.<\/a><br \/>\nUnsere Bauarbeiter sagten, es gibt nur noch 13 Paare in ganz Portugal.<\/p>\n<div id=\"attachment_1235\" style=\"width: 485px\" class=\"wp-caption alignnone\"><a href=\"https:\/\/goladinha.eu\/blog\/files\/2013\/04\/adler_ueber_goladinha_30042013.jpg\"><img loading=\"lazy\" decoding=\"async\" aria-describedby=\"caption-attachment-1235\" class=\"size-full wp-image-1235\" alt=\"13\" src=\"https:\/\/goladinha.eu\/blog\/files\/2013\/04\/adler_ueber_goladinha_30042013.jpg\" width=\"475\" height=\"336\" srcset=\"https:\/\/goladinha.eu\/blog\/wp-content\/files\/2013\/04\/adler_ueber_goladinha_30042013.jpg 475w, https:\/\/goladinha.eu\/blog\/wp-content\/files\/2013\/04\/adler_ueber_goladinha_30042013-400x282.jpg 400w\" sizes=\"auto, (max-width: 475px) 100vw, 475px\" \/><\/a><p id=\"caption-attachment-1235\" class=\"wp-caption-text\">Von \u00fcber 40 Fotos ist dieses hier das Beste.<\/p><\/div>\n","protected":false},"excerpt":{"rendered":"<p>Dienstag 30. April 2013, \u00a0 nachts 5\u00b0C \u00a0\u00a0 &#8211;\u00a0 tags 15\u00b0C\u00a0 &#8211;\u00a0 Bew\u00f6lkung und Sonne wechseln sich ab Heute am sp\u00e4ten Nachmittag nutzten zwei Adler die Thermik \u00fcber Goladinha und schraubten sich in die L\u00fcfte. \u00dcber eine Stunde lang umkreisten sie danach weitr\u00e4umig unser Grundst\u00fcck und gaben Laute von sich. hier findest du eine Audiodatei [&hellip;]<\/p>\n","protected":false},"author":337,"featured_media":0,"comment_status":"open","ping_status":"open","sticky":false,"template":"","format":"standard","meta":{"footnotes":""},"categories":[10],"tags":[],"class_list":["post-1234","post","type-post","status-publish","format-standard","hentry","category-allgemein"],"_links":{"self":[{"href":"https:\/\/goladinha.eu\/blog\/wp-json\/wp\/v2\/posts\/1234","targetHints":{"allow":["GET"]}}],"collection":[{"href":"https:\/\/goladinha.eu\/blog\/wp-json\/wp\/v2\/posts"}],"about":[{"href":"https:\/\/goladinha.eu\/blog\/wp-json\/wp\/v2\/types\/post"}],"author":[{"embeddable":true,"href":"https:\/\/goladinha.eu\/blog\/wp-json\/wp\/v2\/users\/337"}],"replies":[{"embeddable":true,"href":"https:\/\/goladinha.eu\/blog\/wp-json\/wp\/v2\/comments?post=1234"}],"version-history":[{"count":4,"href":"https:\/\/goladinha.eu\/blog\/wp-json\/wp\/v2\/posts\/1234\/revisions"}],"predecessor-version":[{"id":1238,"href":"https:\/\/goladinha.eu\/blog\/wp-json\/wp\/v2\/posts\/1234\/revisions\/1238"}],"wp:attachment":[{"href":"https:\/\/goladinha.eu\/blog\/wp-json\/wp\/v2\/media?parent=1234"}],"wp:term":[{"taxonomy":"category","embeddable":true,"href":"https:\/\/goladinha.eu\/blog\/wp-json\/wp\/v2\/categories?post=1234"},{"taxonomy":"post_tag","embeddable":true,"href":"https:\/\/goladinha.eu\/blog\/wp-json\/wp\/v2\/tags?post=1234"}],"curies":[{"name":"wp","href":"https:\/\/api.w.org\/{rel}","templated":true}]}}