{"id":12040,"date":"2018-08-04T21:30:08","date_gmt":"2018-08-04T20:30:08","guid":{"rendered":"http:\/\/goladinha.eu\/blog\/?p=12040"},"modified":"2018-08-04T22:20:20","modified_gmt":"2018-08-04T21:20:20","slug":"angespannt","status":"publish","type":"post","link":"https:\/\/goladinha.eu\/blog\/2018\/08\/04\/angespannt\/","title":{"rendered":"angespannt"},"content":{"rendered":"<p>Sabado, 04 de Agosto 2018 \u2013 nachts \u2191<strong><span style=\"color: #ff6600\">20\u00ba<\/span> <\/strong>\u2013 tags \u2191<span style=\"color: #ff6600\"><strong>43\u00ba<\/strong> <\/span>\u2013 <span style=\"color: #ff6600\"><strong>Sonne<\/strong><\/span><\/p>\n<p>F\u00fcr Portugal ist das h\u00f6chstm\u00f6gliche Brandgefahrrisiko verk\u00fcndet. Es darf u.a. wegen Funkenbildung (Metall auf Stein) nicht mehr mit Motors\u00e4gen, Motorsensen gearbeitet werden &#8211; ausser man f\u00fchrt einen 6 Kg-Feuerl\u00f6scher mit sich. Es gibt mittlerweile schon zahlreiche Br\u00e4nde &#8211; In unserer Region ist es (noch) ruhig.<\/p>\n<div id=\"attachment_12042\" style=\"width: 510px\" class=\"wp-caption alignleft\"><img loading=\"lazy\" decoding=\"async\" aria-describedby=\"caption-attachment-12042\" class=\"size-full wp-image-12042\" src=\"https:\/\/goladinha.eu\/blog\/files\/2018\/08\/fogos_040818.jpg\" alt=\"www.fogos.pt, Website Feuer in Portugal, Goladinha\" width=\"500\" height=\"390\" srcset=\"https:\/\/goladinha.eu\/blog\/wp-content\/files\/2018\/08\/fogos_040818.jpg 500w, https:\/\/goladinha.eu\/blog\/wp-content\/files\/2018\/08\/fogos_040818-385x300.jpg 385w\" sizes=\"auto, (max-width: 500px) 100vw, 500px\" \/><p id=\"caption-attachment-12042\" class=\"wp-caption-text\">Auf der Internetseite <a href=\"https:\/\/fogos.pt\/\" target=\"_blank\" rel=\"noopener\">www.fogos.pt <\/a>kann man die aktuellen Br\u00e4nde verfolgen. Der derzeit schwerste Brand ist im Hinterland (Monchique) der K\u00fcstenregion der Algarve.\u00a0 &gt;<a href=\"https:\/\/abload.de\/img\/fogos__040818hodan.jpg\" target=\"_blank\" rel=\"noopener\">gr\u00f6sser<\/a>&gt;<\/p><\/div>\n","protected":false},"excerpt":{"rendered":"<p>Sabado, 04 de Agosto 2018 \u2013 nachts \u219120\u00ba \u2013 tags \u219143\u00ba \u2013 Sonne F\u00fcr Portugal ist das h\u00f6chstm\u00f6gliche Brandgefahrrisiko verk\u00fcndet. Es darf u.a. wegen Funkenbildung (Metall auf Stein) nicht mehr mit Motors\u00e4gen, Motorsensen gearbeitet werden &#8211; ausser man f\u00fchrt einen 6 Kg-Feuerl\u00f6scher mit sich. Es gibt mittlerweile schon zahlreiche Br\u00e4nde &#8211; In unserer Region ist [&hellip;]<\/p>\n","protected":false},"author":337,"featured_media":0,"comment_status":"open","ping_status":"open","sticky":false,"template":"","format":"standard","meta":{"footnotes":""},"categories":[10],"tags":[],"class_list":["post-12040","post","type-post","status-publish","format-standard","hentry","category-allgemein"],"_links":{"self":[{"href":"https:\/\/goladinha.eu\/blog\/wp-json\/wp\/v2\/posts\/12040","targetHints":{"allow":["GET"]}}],"collection":[{"href":"https:\/\/goladinha.eu\/blog\/wp-json\/wp\/v2\/posts"}],"about":[{"href":"https:\/\/goladinha.eu\/blog\/wp-json\/wp\/v2\/types\/post"}],"author":[{"embeddable":true,"href":"https:\/\/goladinha.eu\/blog\/wp-json\/wp\/v2\/users\/337"}],"replies":[{"embeddable":true,"href":"https:\/\/goladinha.eu\/blog\/wp-json\/wp\/v2\/comments?post=12040"}],"version-history":[{"count":7,"href":"https:\/\/goladinha.eu\/blog\/wp-json\/wp\/v2\/posts\/12040\/revisions"}],"predecessor-version":[{"id":12053,"href":"https:\/\/goladinha.eu\/blog\/wp-json\/wp\/v2\/posts\/12040\/revisions\/12053"}],"wp:attachment":[{"href":"https:\/\/goladinha.eu\/blog\/wp-json\/wp\/v2\/media?parent=12040"}],"wp:term":[{"taxonomy":"category","embeddable":true,"href":"https:\/\/goladinha.eu\/blog\/wp-json\/wp\/v2\/categories?post=12040"},{"taxonomy":"post_tag","embeddable":true,"href":"https:\/\/goladinha.eu\/blog\/wp-json\/wp\/v2\/tags?post=12040"}],"curies":[{"name":"wp","href":"https:\/\/api.w.org\/{rel}","templated":true}]}}