{"id":11961,"date":"2018-07-22T17:37:04","date_gmt":"2018-07-22T16:37:04","guid":{"rendered":"http:\/\/goladinha.eu\/blog\/?p=11961"},"modified":"2018-07-23T23:01:06","modified_gmt":"2018-07-23T22:01:06","slug":"vorwuerfe","status":"publish","type":"post","link":"https:\/\/goladinha.eu\/blog\/2018\/07\/22\/vorwuerfe\/","title":{"rendered":"Vorw\u00fcrfe"},"content":{"rendered":"<p>Sabado, 22 de Julho 2018 \u2013 nachts \u219112\u00ba \u2013 tags <span style=\"color: #000000\">\u219130\u00ba \u2013 <strong><span style=\"color: #ff6600\">Sonne<\/span><\/strong><\/span><strong><br \/>\n<\/strong><\/p>\n<p>Der Pr\u00e4sident der Republik Portugal &#8211;<em> <a href=\"https:\/\/de.wikipedia.org\/wiki\/Marcelo_Rebelo_de_Sousa\" target=\"_blank\" rel=\"noopener\">Marcelo Rabelo de Sousa<\/a> &#8211; <\/em>hat in einem Interview zu Vetternwirtschafts- und Betrugsvorw\u00fcrfen Stellung genommen.<br \/>\nHintergrund: Durch verheerende Fl\u00e4chenbr\u00e4nde im vergangenem Jahr (17. Juni und Mitte Oktober) sind nicht nur \u00fcber 100 Menschen ums Leben gekommen, es sind auch hunderte von Geb\u00e4uden abgebrannt. Zun\u00e4chst haben sich gemeinn\u00fctzige Organisationen wie Caritas, Miseriocordia und die Stiftung <a href=\"https:\/\/gulbenkian.pt\/\" target=\"_blank\" rel=\"noopener\">Gulbankian<\/a> bereit erkl\u00e4rt Gelder zur Verf\u00fcgung zu stellen, damit die Wohngeb\u00e4ude wieder aufgebaut werden k\u00f6nnen. Ab dem Oktoberfeuer wurden auch staatliche Gelder bereitgestellt. Voraussetzung war, dass die Bewohner, der in Frage kommenden H\u00e4user, ihren ersten Wohnsitz vorweisen konnten.<br \/>\nNun werden Stimmen laut die behaupten, in einigen F\u00e4llen w\u00e4re das nicht der Fall gewesen. Es wird sogar gesagt es seien Wohngeb\u00e4ude aufgebaut worden die v\u00f6llig leer standen.<br \/>\nWas steckt dahinter? Beruhen die Anschuldigungen lediglich auf Neid und Missgunst oder haben sie Wahrheitsgehalt?<br \/>\nDe Sousa bittet nun die Staatsanwaltschaft Ermittlungen aufzunehmen.<\/p>\n<div id=\"attachment_11963\" style=\"width: 510px\" class=\"wp-caption alignleft\"><a href=\"https:\/\/www.facebook.com\/joao.carvalho.98229\/videos\/2096070220450451\/\" target=\"_blank\" rel=\"noopener\"><img loading=\"lazy\" decoding=\"async\" aria-describedby=\"caption-attachment-11963\" class=\"size-full wp-image-11963\" src=\"https:\/\/goladinha.eu\/blog\/files\/2018\/07\/presidente_sousa_220718.jpg\" alt=\"Presidente Sousa schaltet die Staatsanwaltschaft ein, Betrug bei dem Wiederaufbau abgebrannter H\u00e4user, Goladinha\" width=\"500\" height=\"333\" srcset=\"https:\/\/goladinha.eu\/blog\/wp-content\/files\/2018\/07\/presidente_sousa_220718.jpg 500w, https:\/\/goladinha.eu\/blog\/wp-content\/files\/2018\/07\/presidente_sousa_220718-400x266.jpg 400w\" sizes=\"auto, (max-width: 500px) 100vw, 500px\" \/><\/a><p id=\"caption-attachment-11963\" class=\"wp-caption-text\"><strong>H\u00e1 que apurar o que funcionou mal.<\/strong> <em>W<span id=\"result_box\" class=\"short_text\" lang=\"de\"><span class=\"\">ir m\u00fcssen herausfinden, was falsch gelaufen ist.<\/span><\/span><\/em><\/p><\/div>\n","protected":false},"excerpt":{"rendered":"<p>Sabado, 22 de Julho 2018 \u2013 nachts \u219112\u00ba \u2013 tags \u219130\u00ba \u2013 Sonne Der Pr\u00e4sident der Republik Portugal &#8211; Marcelo Rabelo de Sousa &#8211; hat in einem Interview zu Vetternwirtschafts- und Betrugsvorw\u00fcrfen Stellung genommen. Hintergrund: Durch verheerende Fl\u00e4chenbr\u00e4nde im vergangenem Jahr (17. Juni und Mitte Oktober) sind nicht nur \u00fcber 100 Menschen ums Leben gekommen, [&hellip;]<\/p>\n","protected":false},"author":337,"featured_media":0,"comment_status":"open","ping_status":"open","sticky":false,"template":"","format":"standard","meta":{"footnotes":""},"categories":[10],"tags":[],"class_list":["post-11961","post","type-post","status-publish","format-standard","hentry","category-allgemein"],"_links":{"self":[{"href":"https:\/\/goladinha.eu\/blog\/wp-json\/wp\/v2\/posts\/11961","targetHints":{"allow":["GET"]}}],"collection":[{"href":"https:\/\/goladinha.eu\/blog\/wp-json\/wp\/v2\/posts"}],"about":[{"href":"https:\/\/goladinha.eu\/blog\/wp-json\/wp\/v2\/types\/post"}],"author":[{"embeddable":true,"href":"https:\/\/goladinha.eu\/blog\/wp-json\/wp\/v2\/users\/337"}],"replies":[{"embeddable":true,"href":"https:\/\/goladinha.eu\/blog\/wp-json\/wp\/v2\/comments?post=11961"}],"version-history":[{"count":5,"href":"https:\/\/goladinha.eu\/blog\/wp-json\/wp\/v2\/posts\/11961\/revisions"}],"predecessor-version":[{"id":11970,"href":"https:\/\/goladinha.eu\/blog\/wp-json\/wp\/v2\/posts\/11961\/revisions\/11970"}],"wp:attachment":[{"href":"https:\/\/goladinha.eu\/blog\/wp-json\/wp\/v2\/media?parent=11961"}],"wp:term":[{"taxonomy":"category","embeddable":true,"href":"https:\/\/goladinha.eu\/blog\/wp-json\/wp\/v2\/categories?post=11961"},{"taxonomy":"post_tag","embeddable":true,"href":"https:\/\/goladinha.eu\/blog\/wp-json\/wp\/v2\/tags?post=11961"}],"curies":[{"name":"wp","href":"https:\/\/api.w.org\/{rel}","templated":true}]}}