{"id":11897,"date":"2018-07-11T21:32:49","date_gmt":"2018-07-11T20:32:49","guid":{"rendered":"http:\/\/goladinha.eu\/blog\/?p=11897"},"modified":"2018-07-11T21:34:18","modified_gmt":"2018-07-11T20:34:18","slug":"dachaufbau","status":"publish","type":"post","link":"https:\/\/goladinha.eu\/blog\/2018\/07\/11\/dachaufbau\/","title":{"rendered":"Dachaufbau"},"content":{"rendered":"<p>Quarta, 11 de Julho 2018 \u2013 nachts \u219317 \u2013 tags \u219328\u00ba\u00a0 \u2013 <span style=\"color: #ff6600\"><strong>Sonne<\/strong><\/span><\/p>\n<p>Statt der Grobspanplatten wurden beschichtete &#8222;Fein&#8220;Spanplatten geliefert und verwendet. Darauf werden 3 mal 3 cm Korkplatten als W\u00e4rme- und Schallschutzd\u00e4mmung, verlegt. Bevor die Dachlatten montiert werden wird eine dampfdiffusionf\u00e4hige Membran verlegt.<\/p>\n<div id=\"attachment_11898\" style=\"width: 510px\" class=\"wp-caption alignleft\"><img loading=\"lazy\" decoding=\"async\" aria-describedby=\"caption-attachment-11898\" class=\"size-full wp-image-11898\" src=\"https:\/\/goladinha.eu\/blog\/files\/2018\/07\/wa079_dack_kork_110718.jpg\" alt=\"Dachaufbau, beschichtete Spanplatten, 9 cm Kork, Membranbahn\" width=\"500\" height=\"371\" srcset=\"https:\/\/goladinha.eu\/blog\/wp-content\/files\/2018\/07\/wa079_dack_kork_110718.jpg 500w, https:\/\/goladinha.eu\/blog\/wp-content\/files\/2018\/07\/wa079_dack_kork_110718-400x297.jpg 400w\" sizes=\"auto, (max-width: 500px) 100vw, 500px\" \/><p id=\"caption-attachment-11898\" class=\"wp-caption-text\">Die Prognose f\u00fcr Fertigstellung -sprich Einzugstermin- ist Ende August. &gt;<a href=\"https:\/\/abload.de\/img\/wa079_dack_kork__1107b9a71.jpg\" target=\"_blank\" rel=\"noopener\"><em>gr\u00f6sser<\/em><\/a>&gt;<\/p><\/div>\n","protected":false},"excerpt":{"rendered":"<p>Quarta, 11 de Julho 2018 \u2013 nachts \u219317 \u2013 tags \u219328\u00ba\u00a0 \u2013 Sonne Statt der Grobspanplatten wurden beschichtete &#8222;Fein&#8220;Spanplatten geliefert und verwendet. Darauf werden 3 mal 3 cm Korkplatten als W\u00e4rme- und Schallschutzd\u00e4mmung, verlegt. Bevor die Dachlatten montiert werden wird eine dampfdiffusionf\u00e4hige Membran verlegt.<\/p>\n","protected":false},"author":337,"featured_media":0,"comment_status":"open","ping_status":"open","sticky":false,"template":"","format":"standard","meta":{"footnotes":""},"categories":[10],"tags":[],"class_list":["post-11897","post","type-post","status-publish","format-standard","hentry","category-allgemein"],"_links":{"self":[{"href":"https:\/\/goladinha.eu\/blog\/wp-json\/wp\/v2\/posts\/11897","targetHints":{"allow":["GET"]}}],"collection":[{"href":"https:\/\/goladinha.eu\/blog\/wp-json\/wp\/v2\/posts"}],"about":[{"href":"https:\/\/goladinha.eu\/blog\/wp-json\/wp\/v2\/types\/post"}],"author":[{"embeddable":true,"href":"https:\/\/goladinha.eu\/blog\/wp-json\/wp\/v2\/users\/337"}],"replies":[{"embeddable":true,"href":"https:\/\/goladinha.eu\/blog\/wp-json\/wp\/v2\/comments?post=11897"}],"version-history":[{"count":4,"href":"https:\/\/goladinha.eu\/blog\/wp-json\/wp\/v2\/posts\/11897\/revisions"}],"predecessor-version":[{"id":11902,"href":"https:\/\/goladinha.eu\/blog\/wp-json\/wp\/v2\/posts\/11897\/revisions\/11902"}],"wp:attachment":[{"href":"https:\/\/goladinha.eu\/blog\/wp-json\/wp\/v2\/media?parent=11897"}],"wp:term":[{"taxonomy":"category","embeddable":true,"href":"https:\/\/goladinha.eu\/blog\/wp-json\/wp\/v2\/categories?post=11897"},{"taxonomy":"post_tag","embeddable":true,"href":"https:\/\/goladinha.eu\/blog\/wp-json\/wp\/v2\/tags?post=11897"}],"curies":[{"name":"wp","href":"https:\/\/api.w.org\/{rel}","templated":true}]}}