{"id":11893,"date":"2018-07-10T21:07:59","date_gmt":"2018-07-10T20:07:59","guid":{"rendered":"http:\/\/goladinha.eu\/blog\/?p=11893"},"modified":"2018-07-10T21:08:58","modified_gmt":"2018-07-10T20:08:58","slug":"gebuendelte-kraefte","status":"publish","type":"post","link":"https:\/\/goladinha.eu\/blog\/2018\/07\/10\/gebuendelte-kraefte\/","title":{"rendered":"geb\u00fcndelte Kr\u00e4fte"},"content":{"rendered":"<p>Terca, 10 de Julho 2018 \u2013 nachts\u00a0\u219121 \u2013 tags \u219133\u00ba\u00a0 \u2013 <span style=\"color: #ff6600\"><strong>Sonne<\/strong><\/span><\/p>\n<p>Der Dachstuhl ist mittlerweile fertig, inklusive eines Wechsels in den Sparrenabst\u00e4nden 9 und 10 &#8211; f\u00fcr ein Dachfl\u00e4chenfenster das wir im Januar aus Deutschland mitgebracht hatten. Es ist gebraucht, aber noch voll funktionst\u00fcchtig (Vielen Dank den edlen Spendern). Es wurde \u00fcber dem Bereich montiert, wo die Treppe in der Wohnk\u00fcche beginnt. Da dieser Bereich nach oben hin offen ist, werden beide Etagen von dem Oberlicht profitieren.<\/p>\n<div id=\"attachment_11894\" style=\"width: 510px\" class=\"wp-caption alignleft\"><img loading=\"lazy\" decoding=\"async\" aria-describedby=\"caption-attachment-11894\" class=\"size-full wp-image-11894\" src=\"https:\/\/goladinha.eu\/blog\/files\/2018\/07\/wa078_osb_lieferung_100718.jpg\" alt=\"OSB Lieferung, 5 Mann laden ab, Goladinha\" width=\"500\" height=\"388\" srcset=\"https:\/\/goladinha.eu\/blog\/wp-content\/files\/2018\/07\/wa078_osb_lieferung_100718.jpg 500w, https:\/\/goladinha.eu\/blog\/wp-content\/files\/2018\/07\/wa078_osb_lieferung_100718-387x300.jpg 387w\" sizes=\"auto, (max-width: 500px) 100vw, 500px\" \/><p id=\"caption-attachment-11894\" class=\"wp-caption-text\">Die Lieferung der OSB-Platten, die direkt auf die Sparren montiert werden, konnte nur mit allen anwesenden Arbeitern bewerkstelligt werden &#8211; gross und schwer sind sie &#8211; wie man sieht &gt;<a href=\"https:\/\/abload.de\/img\/wa078_osb_lieferung__ulsq9.jpg\" target=\"_blank\" rel=\"noopener\"><em>gr\u00f6sser<\/em><\/a>&gt;<\/p><\/div>\n","protected":false},"excerpt":{"rendered":"<p>Terca, 10 de Julho 2018 \u2013 nachts\u00a0\u219121 \u2013 tags \u219133\u00ba\u00a0 \u2013 Sonne Der Dachstuhl ist mittlerweile fertig, inklusive eines Wechsels in den Sparrenabst\u00e4nden 9 und 10 &#8211; f\u00fcr ein Dachfl\u00e4chenfenster das wir im Januar aus Deutschland mitgebracht hatten. Es ist gebraucht, aber noch voll funktionst\u00fcchtig (Vielen Dank den edlen Spendern). Es wurde \u00fcber dem Bereich [&hellip;]<\/p>\n","protected":false},"author":337,"featured_media":0,"comment_status":"open","ping_status":"open","sticky":false,"template":"","format":"standard","meta":{"footnotes":""},"categories":[10],"tags":[],"class_list":["post-11893","post","type-post","status-publish","format-standard","hentry","category-allgemein"],"_links":{"self":[{"href":"https:\/\/goladinha.eu\/blog\/wp-json\/wp\/v2\/posts\/11893","targetHints":{"allow":["GET"]}}],"collection":[{"href":"https:\/\/goladinha.eu\/blog\/wp-json\/wp\/v2\/posts"}],"about":[{"href":"https:\/\/goladinha.eu\/blog\/wp-json\/wp\/v2\/types\/post"}],"author":[{"embeddable":true,"href":"https:\/\/goladinha.eu\/blog\/wp-json\/wp\/v2\/users\/337"}],"replies":[{"embeddable":true,"href":"https:\/\/goladinha.eu\/blog\/wp-json\/wp\/v2\/comments?post=11893"}],"version-history":[{"count":2,"href":"https:\/\/goladinha.eu\/blog\/wp-json\/wp\/v2\/posts\/11893\/revisions"}],"predecessor-version":[{"id":11896,"href":"https:\/\/goladinha.eu\/blog\/wp-json\/wp\/v2\/posts\/11893\/revisions\/11896"}],"wp:attachment":[{"href":"https:\/\/goladinha.eu\/blog\/wp-json\/wp\/v2\/media?parent=11893"}],"wp:term":[{"taxonomy":"category","embeddable":true,"href":"https:\/\/goladinha.eu\/blog\/wp-json\/wp\/v2\/categories?post=11893"},{"taxonomy":"post_tag","embeddable":true,"href":"https:\/\/goladinha.eu\/blog\/wp-json\/wp\/v2\/tags?post=11893"}],"curies":[{"name":"wp","href":"https:\/\/api.w.org\/{rel}","templated":true}]}}