{"id":10968,"date":"2018-02-18T22:33:23","date_gmt":"2018-02-18T22:33:23","guid":{"rendered":"http:\/\/goladinha.eu\/blog\/?p=10968"},"modified":"2018-02-20T17:02:54","modified_gmt":"2018-02-20T17:02:54","slug":"freie-sicht","status":"publish","type":"post","link":"https:\/\/goladinha.eu\/blog\/2018\/02\/18\/freie-sicht\/","title":{"rendered":"wie fr\u00fcher &#8211; benahe"},"content":{"rendered":"<p>Domingo, 18 de Fevereiro 2018 \u2013 nachts \u2193\u21931 Grad, tags \u219116 Grad, <span style=\"color: #ff6600\"><strong>Sonne<\/strong><\/span><\/p>\n<p>Die B\u00e4ume haben aufgrund der Hitze, vom Brand letzten Jahres, in ihren Kronen totes Ge\u00e4st &#8211; deshalb mussten die meisten von ihnen in der N\u00e4he der H\u00e4user gef\u00e4llt werden. Jetzt sieht es fast wieder so aus wie fr\u00fcher&#8230;<\/p>\n<div id=\"attachment_10969\" style=\"width: 510px\" class=\"wp-caption alignleft\"><a href=\"https:\/\/abload.de\/img\/goladinha_limpeza__182ck9q.jpg\" target=\"_blank\" rel=\"noopener\"><img loading=\"lazy\" decoding=\"async\" aria-describedby=\"caption-attachment-10969\" class=\"size-full wp-image-10969\" src=\"https:\/\/goladinha.eu\/blog\/files\/2018\/02\/goladinha_limpeza_180218.jpg\" alt=\"Goladinha nach Fr\u00fchjahrsputz - nach Brand\" width=\"500\" height=\"372\" srcset=\"https:\/\/goladinha.eu\/blog\/wp-content\/files\/2018\/02\/goladinha_limpeza_180218.jpg 500w, https:\/\/goladinha.eu\/blog\/wp-content\/files\/2018\/02\/goladinha_limpeza_180218-400x298.jpg 400w\" sizes=\"auto, (max-width: 500px) 100vw, 500px\" \/><\/a><p id=\"caption-attachment-10969\" class=\"wp-caption-text\">Einer der vorherigen Besitzer des Anwesens sagte uns bei der Grundst\u00fccksbegehung vor 16 Jahren, dass es auf Goladinha ausser von Oliven- und Fruchtb\u00e4umen auf den Kulturterrassen keine weiteren B\u00e4ume gab &#8211; alle Fl\u00e4chen wurden f\u00fcr Gem\u00fcse und Kartoffelanbau genutzt <a href=\"https:\/\/abload.de\/img\/goladinha_limpeza__182ck9q.jpg\" target=\"_blank\" rel=\"noopener\"><em>&gt;gr\u00f6sser&gt;<\/em><\/a><\/p><\/div>\n","protected":false},"excerpt":{"rendered":"<p>Domingo, 18 de Fevereiro 2018 \u2013 nachts \u2193\u21931 Grad, tags \u219116 Grad, Sonne Die B\u00e4ume haben aufgrund der Hitze, vom Brand letzten Jahres, in ihren Kronen totes Ge\u00e4st &#8211; deshalb mussten die meisten von ihnen in der N\u00e4he der H\u00e4user gef\u00e4llt werden. Jetzt sieht es fast wieder so aus wie fr\u00fcher&#8230;<\/p>\n","protected":false},"author":337,"featured_media":0,"comment_status":"open","ping_status":"open","sticky":false,"template":"","format":"standard","meta":{"footnotes":""},"categories":[10],"tags":[],"class_list":["post-10968","post","type-post","status-publish","format-standard","hentry","category-allgemein"],"_links":{"self":[{"href":"https:\/\/goladinha.eu\/blog\/wp-json\/wp\/v2\/posts\/10968","targetHints":{"allow":["GET"]}}],"collection":[{"href":"https:\/\/goladinha.eu\/blog\/wp-json\/wp\/v2\/posts"}],"about":[{"href":"https:\/\/goladinha.eu\/blog\/wp-json\/wp\/v2\/types\/post"}],"author":[{"embeddable":true,"href":"https:\/\/goladinha.eu\/blog\/wp-json\/wp\/v2\/users\/337"}],"replies":[{"embeddable":true,"href":"https:\/\/goladinha.eu\/blog\/wp-json\/wp\/v2\/comments?post=10968"}],"version-history":[{"count":4,"href":"https:\/\/goladinha.eu\/blog\/wp-json\/wp\/v2\/posts\/10968\/revisions"}],"predecessor-version":[{"id":10983,"href":"https:\/\/goladinha.eu\/blog\/wp-json\/wp\/v2\/posts\/10968\/revisions\/10983"}],"wp:attachment":[{"href":"https:\/\/goladinha.eu\/blog\/wp-json\/wp\/v2\/media?parent=10968"}],"wp:term":[{"taxonomy":"category","embeddable":true,"href":"https:\/\/goladinha.eu\/blog\/wp-json\/wp\/v2\/categories?post=10968"},{"taxonomy":"post_tag","embeddable":true,"href":"https:\/\/goladinha.eu\/blog\/wp-json\/wp\/v2\/tags?post=10968"}],"curies":[{"name":"wp","href":"https:\/\/api.w.org\/{rel}","templated":true}]}}