{"id":10962,"date":"2018-02-17T23:58:47","date_gmt":"2018-02-17T23:58:47","guid":{"rendered":"http:\/\/goladinha.eu\/blog\/?p=10962"},"modified":"2018-02-21T09:09:34","modified_gmt":"2018-02-21T09:09:34","slug":"feuer","status":"publish","type":"post","link":"https:\/\/goladinha.eu\/blog\/2018\/02\/17\/feuer\/","title":{"rendered":"Feuer"},"content":{"rendered":"<p>Sabado, 17 de Fevereiro 2018 \u2013 nachts \u2193\u21918 Grad, tags \u2191\u219315 Grad, <span style=\"color: #ff6600\"><strong>Sonne<\/strong><\/span><\/p>\n<p>Den Landputz haben wir heute fortgesetzt. Totes Strauchwerk und Baumge\u00e4st wird verbrannt. Bei der Gelegenheit verbrennen wir auch all das, was der Brand besch\u00e4digt hat &#8211; Gartenm\u00f6bel, Regale aus der Sommerk\u00fcche, ect.<br \/>\nVerwertbares Holz, das potentiell w\u00e4rmespendend in den Holz\u00f6fen genutzt werden kann verbrennen wir nicht.<\/p>\n<div id=\"attachment_10963\" style=\"width: 510px\" class=\"wp-caption alignleft\"><a href=\"https:\/\/abload.de\/img\/verbrennen_abl__17021xcsmo.jpg\" target=\"_blank\" rel=\"noopener\"><img loading=\"lazy\" decoding=\"async\" aria-describedby=\"caption-attachment-10963\" class=\"size-full wp-image-10963\" src=\"https:\/\/goladinha.eu\/blog\/files\/2018\/02\/verbrennen_170218.jpg\" alt=\"Verbrennen, nicht nur Baumabschnitt, Goladinha\" width=\"500\" height=\"375\" srcset=\"https:\/\/goladinha.eu\/blog\/wp-content\/files\/2018\/02\/verbrennen_170218.jpg 500w, https:\/\/goladinha.eu\/blog\/wp-content\/files\/2018\/02\/verbrennen_170218-400x300.jpg 400w\" sizes=\"auto, (max-width: 500px) 100vw, 500px\" \/><\/a><p id=\"caption-attachment-10963\" class=\"wp-caption-text\">Auch eine wurmstichige Leiter der Vorbesitzer wurde transformiert <a href=\"https:\/\/abload.de\/img\/verbrennen_abl__17021xcsmo.jpg\" target=\"_blank\" rel=\"noopener\"><em>&gt;gr\u00f6sser&gt;<\/em><\/a><\/p><\/div>\n","protected":false},"excerpt":{"rendered":"<p>Sabado, 17 de Fevereiro 2018 \u2013 nachts \u2193\u21918 Grad, tags \u2191\u219315 Grad, Sonne Den Landputz haben wir heute fortgesetzt. Totes Strauchwerk und Baumge\u00e4st wird verbrannt. Bei der Gelegenheit verbrennen wir auch all das, was der Brand besch\u00e4digt hat &#8211; Gartenm\u00f6bel, Regale aus der Sommerk\u00fcche, ect. Verwertbares Holz, das potentiell w\u00e4rmespendend in den Holz\u00f6fen genutzt werden [&hellip;]<\/p>\n","protected":false},"author":337,"featured_media":0,"comment_status":"open","ping_status":"open","sticky":false,"template":"","format":"standard","meta":{"footnotes":""},"categories":[10],"tags":[],"class_list":["post-10962","post","type-post","status-publish","format-standard","hentry","category-allgemein"],"_links":{"self":[{"href":"https:\/\/goladinha.eu\/blog\/wp-json\/wp\/v2\/posts\/10962","targetHints":{"allow":["GET"]}}],"collection":[{"href":"https:\/\/goladinha.eu\/blog\/wp-json\/wp\/v2\/posts"}],"about":[{"href":"https:\/\/goladinha.eu\/blog\/wp-json\/wp\/v2\/types\/post"}],"author":[{"embeddable":true,"href":"https:\/\/goladinha.eu\/blog\/wp-json\/wp\/v2\/users\/337"}],"replies":[{"embeddable":true,"href":"https:\/\/goladinha.eu\/blog\/wp-json\/wp\/v2\/comments?post=10962"}],"version-history":[{"count":6,"href":"https:\/\/goladinha.eu\/blog\/wp-json\/wp\/v2\/posts\/10962\/revisions"}],"predecessor-version":[{"id":10991,"href":"https:\/\/goladinha.eu\/blog\/wp-json\/wp\/v2\/posts\/10962\/revisions\/10991"}],"wp:attachment":[{"href":"https:\/\/goladinha.eu\/blog\/wp-json\/wp\/v2\/media?parent=10962"}],"wp:term":[{"taxonomy":"category","embeddable":true,"href":"https:\/\/goladinha.eu\/blog\/wp-json\/wp\/v2\/categories?post=10962"},{"taxonomy":"post_tag","embeddable":true,"href":"https:\/\/goladinha.eu\/blog\/wp-json\/wp\/v2\/tags?post=10962"}],"curies":[{"name":"wp","href":"https:\/\/api.w.org\/{rel}","templated":true}]}}