{"id":10869,"date":"2018-02-05T20:11:17","date_gmt":"2018-02-05T20:11:17","guid":{"rendered":"http:\/\/goladinha.eu\/blog\/?p=10869"},"modified":"2018-02-05T20:38:47","modified_gmt":"2018-02-05T20:38:47","slug":"wiederaufbau-tag-vier-reconstrucao-quarto-dia","status":"publish","type":"post","link":"https:\/\/goladinha.eu\/blog\/2018\/02\/05\/wiederaufbau-tag-vier-reconstrucao-quarto-dia\/","title":{"rendered":"Wiederaufbau &#8211; Tag vier (Reconstru\u00e7\u00e3o &#8211; quarto dia)"},"content":{"rendered":"<p>Segunda-feira 05 de Fevereiro 2018 \u2013 nachts <span style=\"color: #0000ff\">\u2193\u2193-2<\/span> Grad, tags \u219310 Grad, <span style=\"color: #ff6600\">Sonne<\/span> \u2013 um 17.00 Uhr <span style=\"color: #0000ff\">kurz leichter Regen<\/span><\/p>\n<p>Die Gefahr herabst\u00fcrzender Mauerteile am Nordgiebel ist gebannt. Heute wurde auf dem neuen T\u00fcrsturz schon wieder hochgemauert &#8211; zumindest die halbe Mauerst\u00e4rke.<br \/>\n<span style=\"color: #808080\">T<\/span><span style=\"color: #808080\"><span id=\"result_box\" class=\"\" lang=\"pt\"><span class=\"\">raduzido para os amigos portugueses pelo google tradutor:<\/span><\/span><\/span><em><span style=\"color: #808080\"> <span id=\"result_box\" class=\"\" lang=\"pt\"><span class=\"\">O perigo de cair partes da parede no norte do front\u00e3o \u00e9 proibido.<\/span> <span class=\"\">Hoje voltou a ser alinhada no novo dintel &#8211; pelo menos metade da espessura da<\/span><\/span><\/span><\/em><span style=\"color: #808080\"><span id=\"result_box\" class=\"\" lang=\"pt\"><span class=\"\"> parede.<\/span><\/span><\/span><\/p>\n<div id=\"attachment_10871\" style=\"width: 510px\" class=\"wp-caption alignleft\"><img loading=\"lazy\" decoding=\"async\" aria-describedby=\"caption-attachment-10871\" class=\"size-full wp-image-10871\" src=\"https:\/\/goladinha.eu\/blog\/files\/2018\/02\/wa004_mauer_sturz_050218.jpg\" alt=\"Mauer \u00fcber dem neuen Sturz, Goladinha\" width=\"500\" height=\"375\" srcset=\"https:\/\/goladinha.eu\/blog\/wp-content\/files\/2018\/02\/wa004_mauer_sturz_050218.jpg 500w, https:\/\/goladinha.eu\/blog\/wp-content\/files\/2018\/02\/wa004_mauer_sturz_050218-400x300.jpg 400w\" sizes=\"auto, (max-width: 500px) 100vw, 500px\" \/><p id=\"caption-attachment-10871\" class=\"wp-caption-text\">Neue Perspektive &#8211; hoch auf einem Ger\u00fcst stehend entstand dieses Foto &#8211;\u00a0<span style=\"color: #808080\">T<span id=\"result_box\" class=\"\" lang=\"pt\"><span class=\"\">raduzido para os amigos portugueses pelo google tradutor:<\/span><\/span><em> <span id=\"result_box\" class=\"\" lang=\"pt\"><span class=\"\">Nova perspectiva &#8211; alto em um andaime, esta foto foi tirada<\/span><\/span><\/em><\/span><\/p><\/div>\n<div id=\"attachment_10872\" style=\"width: 510px\" class=\"wp-caption alignleft\"><img loading=\"lazy\" decoding=\"async\" aria-describedby=\"caption-attachment-10872\" class=\"size-full wp-image-10872\" src=\"https:\/\/goladinha.eu\/blog\/files\/2018\/02\/wa004_mauer_ecke_050218.jpg\" alt=\"Mauer \u00fcber der Ecke - Eckfenster, Goladinha\" width=\"500\" height=\"375\" srcset=\"https:\/\/goladinha.eu\/blog\/wp-content\/files\/2018\/02\/wa004_mauer_ecke_050218.jpg 500w, https:\/\/goladinha.eu\/blog\/wp-content\/files\/2018\/02\/wa004_mauer_ecke_050218-400x300.jpg 400w\" sizes=\"auto, (max-width: 500px) 100vw, 500px\" \/><p id=\"caption-attachment-10872\" class=\"wp-caption-text\">Und auch auf der gegen\u00fcberliegenden Seite beginnen die Mauern wieder zu wachsen. An dieser Ecke ist ein \u00fcber Eck gehendes Fenster geplant.<span style=\"color: #808080\">\u00a0T<span id=\"result_box\" class=\"\" lang=\"pt\"><span class=\"\">raduzido para os amigos portugueses pelo google tradutor:<\/span><\/span><em> <span id=\"result_box\" class=\"\" lang=\"pt\"><span class=\"\">E tamb\u00e9m no lado oposto, as paredes come\u00e7am a crescer de novo.<\/span> <span class=\"\">Um desses cantos \u00e9 uma janela de canto.<\/span><\/span><\/em><\/span><\/p><\/div>\n","protected":false},"excerpt":{"rendered":"<p>Segunda-feira 05 de Fevereiro 2018 \u2013 nachts \u2193\u2193-2 Grad, tags \u219310 Grad, Sonne \u2013 um 17.00 Uhr kurz leichter Regen Die Gefahr herabst\u00fcrzender Mauerteile am Nordgiebel ist gebannt. Heute wurde auf dem neuen T\u00fcrsturz schon wieder hochgemauert &#8211; zumindest die halbe Mauerst\u00e4rke. Traduzido para os amigos portugueses pelo google tradutor: O perigo de cair partes [&hellip;]<\/p>\n","protected":false},"author":337,"featured_media":0,"comment_status":"open","ping_status":"open","sticky":false,"template":"","format":"standard","meta":{"footnotes":""},"categories":[10],"tags":[],"class_list":["post-10869","post","type-post","status-publish","format-standard","hentry","category-allgemein"],"_links":{"self":[{"href":"https:\/\/goladinha.eu\/blog\/wp-json\/wp\/v2\/posts\/10869","targetHints":{"allow":["GET"]}}],"collection":[{"href":"https:\/\/goladinha.eu\/blog\/wp-json\/wp\/v2\/posts"}],"about":[{"href":"https:\/\/goladinha.eu\/blog\/wp-json\/wp\/v2\/types\/post"}],"author":[{"embeddable":true,"href":"https:\/\/goladinha.eu\/blog\/wp-json\/wp\/v2\/users\/337"}],"replies":[{"embeddable":true,"href":"https:\/\/goladinha.eu\/blog\/wp-json\/wp\/v2\/comments?post=10869"}],"version-history":[{"count":3,"href":"https:\/\/goladinha.eu\/blog\/wp-json\/wp\/v2\/posts\/10869\/revisions"}],"predecessor-version":[{"id":10875,"href":"https:\/\/goladinha.eu\/blog\/wp-json\/wp\/v2\/posts\/10869\/revisions\/10875"}],"wp:attachment":[{"href":"https:\/\/goladinha.eu\/blog\/wp-json\/wp\/v2\/media?parent=10869"}],"wp:term":[{"taxonomy":"category","embeddable":true,"href":"https:\/\/goladinha.eu\/blog\/wp-json\/wp\/v2\/categories?post=10869"},{"taxonomy":"post_tag","embeddable":true,"href":"https:\/\/goladinha.eu\/blog\/wp-json\/wp\/v2\/tags?post=10869"}],"curies":[{"name":"wp","href":"https:\/\/api.w.org\/{rel}","templated":true}]}}