{"id":10643,"date":"2017-12-28T22:46:58","date_gmt":"2017-12-28T22:46:58","guid":{"rendered":"http:\/\/goladinha.eu\/blog\/?p=10643"},"modified":"2017-12-29T09:16:31","modified_gmt":"2017-12-29T09:16:31","slug":"eintrag-folgt-6","status":"publish","type":"post","link":"https:\/\/goladinha.eu\/blog\/2017\/12\/28\/eintrag-folgt-6\/","title":{"rendered":"selbst gestrickt"},"content":{"rendered":"<p>Quinta-feira, 28 de Dezembro 2017 \u2013 <em>das Wetter in Goladinha,<\/em> nachts \u2191\u21934 Grad \u2013 tags \u2191\u219313 Grad, <span style=\"color: #808080\">Bew\u00f6lkung<\/span> und\u00a0 <span style=\"color: #0000ff\">Regen<\/span><strong><br \/>\n<\/strong><\/p>\n<p>Auch in Portugal ist Winter &#8211; wenn auch nicht so heftig, wie in Mitteleuropa. Dennoch werden auch im S\u00fcden warme Socken ben\u00f6tigt. Diese hier sind eine Spende an einige von denen, die ihr Hab und Gut bei dem Jahrhundertbr\u00e4nden verloren haben.<\/p>\n<div id=\"attachment_10646\" style=\"width: 510px\" class=\"wp-caption alignleft\"><a href=\"https:\/\/abload.de\/img\/socken_resi__2812179ashz.jpg\" target=\"_blank\" rel=\"noopener\"><img loading=\"lazy\" decoding=\"async\" aria-describedby=\"caption-attachment-10646\" class=\"size-full wp-image-10646\" src=\"https:\/\/goladinha.eu\/blog\/files\/2017\/12\/socken_resi_281217.jpg\" alt=\"Socken selbstgestrickt, f\u00fcr Portugal, Goladinha, Knaubenhof\" width=\"500\" height=\"375\" srcset=\"https:\/\/goladinha.eu\/blog\/wp-content\/files\/2017\/12\/socken_resi_281217.jpg 500w, https:\/\/goladinha.eu\/blog\/wp-content\/files\/2017\/12\/socken_resi_281217-400x300.jpg 400w\" sizes=\"auto, (max-width: 500px) 100vw, 500px\" \/><\/a><p id=\"caption-attachment-10646\" class=\"wp-caption-text\">Danke Theresia f\u00fcr Deine tollen Kreationen. <a href=\"https:\/\/abload.de\/img\/socken_resi__2812179ashz.jpg\" target=\"_blank\" rel=\"noopener\"><em>&gt;gr\u00f6sser&gt;<\/em><\/a><\/p><\/div>\n<p>&nbsp;<\/p>\n","protected":false},"excerpt":{"rendered":"<p>Quinta-feira, 28 de Dezembro 2017 \u2013 das Wetter in Goladinha, nachts \u2191\u21934 Grad \u2013 tags \u2191\u219313 Grad, Bew\u00f6lkung und\u00a0 Regen Auch in Portugal ist Winter &#8211; wenn auch nicht so heftig, wie in Mitteleuropa. Dennoch werden auch im S\u00fcden warme Socken ben\u00f6tigt. Diese hier sind eine Spende an einige von denen, die ihr Hab und [&hellip;]<\/p>\n","protected":false},"author":337,"featured_media":0,"comment_status":"open","ping_status":"open","sticky":false,"template":"","format":"standard","meta":{"footnotes":""},"categories":[10],"tags":[],"class_list":["post-10643","post","type-post","status-publish","format-standard","hentry","category-allgemein"],"_links":{"self":[{"href":"https:\/\/goladinha.eu\/blog\/wp-json\/wp\/v2\/posts\/10643","targetHints":{"allow":["GET"]}}],"collection":[{"href":"https:\/\/goladinha.eu\/blog\/wp-json\/wp\/v2\/posts"}],"about":[{"href":"https:\/\/goladinha.eu\/blog\/wp-json\/wp\/v2\/types\/post"}],"author":[{"embeddable":true,"href":"https:\/\/goladinha.eu\/blog\/wp-json\/wp\/v2\/users\/337"}],"replies":[{"embeddable":true,"href":"https:\/\/goladinha.eu\/blog\/wp-json\/wp\/v2\/comments?post=10643"}],"version-history":[{"count":5,"href":"https:\/\/goladinha.eu\/blog\/wp-json\/wp\/v2\/posts\/10643\/revisions"}],"predecessor-version":[{"id":10649,"href":"https:\/\/goladinha.eu\/blog\/wp-json\/wp\/v2\/posts\/10643\/revisions\/10649"}],"wp:attachment":[{"href":"https:\/\/goladinha.eu\/blog\/wp-json\/wp\/v2\/media?parent=10643"}],"wp:term":[{"taxonomy":"category","embeddable":true,"href":"https:\/\/goladinha.eu\/blog\/wp-json\/wp\/v2\/categories?post=10643"},{"taxonomy":"post_tag","embeddable":true,"href":"https:\/\/goladinha.eu\/blog\/wp-json\/wp\/v2\/tags?post=10643"}],"curies":[{"name":"wp","href":"https:\/\/api.w.org\/{rel}","templated":true}]}}