{"id":10588,"date":"2017-12-08T13:41:46","date_gmt":"2017-12-08T13:41:46","guid":{"rendered":"http:\/\/goladinha.eu\/blog\/?p=10588"},"modified":"2017-12-08T13:43:43","modified_gmt":"2017-12-08T13:43:43","slug":"baustelle-platz-der-ahnen","status":"publish","type":"post","link":"https:\/\/goladinha.eu\/blog\/2017\/12\/08\/baustelle-platz-der-ahnen\/","title":{"rendered":"Bauabschnitt Teil 1 &#8211; Platz der Ahnen"},"content":{"rendered":"<p>Quinta-feira, 7 de Dezembro 2017 \u2013 das Wetter in Goladinha nachts \u2191\u21930 Grad \u2013 tags \u2191\u219314 Grad, <span style=\"color: #ff6600\">Sonne<\/span><\/p>\n<p>Dass die Lebenden die Kraft der Vorfahren empfangen k\u00f6nnen wird in vielen spirituellen Traditionen gelehrt. Oft geschieht das dadurch, dass ihnen ein fester Platz im Haus oder ganz bewusst im Herzen eingerichtet wird.<br \/>\nVor zahlreichen Jahren wurde f\u00fcr den Knaubenhof von dem <a href=\"http:\/\/www.alpha3.info\/index.php?seite=philosophie\" target=\"_blank\" rel=\"noopener\">B\u00fcro f\u00fcr Freiraumplanung und Geomantie<\/a> ein geomantisches Gutachten erstellt. Demnach liegt der energetische Platz der Ahnen im nord-westlichen Teil des Grundst\u00fccks. \u00dcber all die Jahre war dieser Platz von einer Hecke \u00fcberwuchert.<\/p>\n<div id=\"attachment_10589\" style=\"width: 510px\" class=\"wp-caption alignleft\"><img loading=\"lazy\" decoding=\"async\" aria-describedby=\"caption-attachment-10589\" class=\"size-full wp-image-10589\" src=\"https:\/\/goladinha.eu\/blog\/files\/2017\/12\/ahnen_herz_07122017.jpg\" alt=\"Platz der Ahnen, Herz, Knaubenhof, Goladinha\" width=\"500\" height=\"375\" srcset=\"https:\/\/goladinha.eu\/blog\/wp-content\/files\/2017\/12\/ahnen_herz_07122017.jpg 500w, https:\/\/goladinha.eu\/blog\/wp-content\/files\/2017\/12\/ahnen_herz_07122017-400x300.jpg 400w\" sizes=\"auto, (max-width: 500px) 100vw, 500px\" \/><p id=\"caption-attachment-10589\" class=\"wp-caption-text\">Nach Entfernung der Hecke aufgrund einer Nutzungs\u00e4nderung kommen nun auch die Ahnen zu Ehren.<\/p><\/div>\n<p>&nbsp;<\/p>\n","protected":false},"excerpt":{"rendered":"<p>Quinta-feira, 7 de Dezembro 2017 \u2013 das Wetter in Goladinha nachts \u2191\u21930 Grad \u2013 tags \u2191\u219314 Grad, Sonne Dass die Lebenden die Kraft der Vorfahren empfangen k\u00f6nnen wird in vielen spirituellen Traditionen gelehrt. Oft geschieht das dadurch, dass ihnen ein fester Platz im Haus oder ganz bewusst im Herzen eingerichtet wird. Vor zahlreichen Jahren wurde [&hellip;]<\/p>\n","protected":false},"author":337,"featured_media":0,"comment_status":"open","ping_status":"open","sticky":false,"template":"","format":"standard","meta":{"footnotes":""},"categories":[10],"tags":[],"class_list":["post-10588","post","type-post","status-publish","format-standard","hentry","category-allgemein"],"_links":{"self":[{"href":"https:\/\/goladinha.eu\/blog\/wp-json\/wp\/v2\/posts\/10588","targetHints":{"allow":["GET"]}}],"collection":[{"href":"https:\/\/goladinha.eu\/blog\/wp-json\/wp\/v2\/posts"}],"about":[{"href":"https:\/\/goladinha.eu\/blog\/wp-json\/wp\/v2\/types\/post"}],"author":[{"embeddable":true,"href":"https:\/\/goladinha.eu\/blog\/wp-json\/wp\/v2\/users\/337"}],"replies":[{"embeddable":true,"href":"https:\/\/goladinha.eu\/blog\/wp-json\/wp\/v2\/comments?post=10588"}],"version-history":[{"count":3,"href":"https:\/\/goladinha.eu\/blog\/wp-json\/wp\/v2\/posts\/10588\/revisions"}],"predecessor-version":[{"id":10592,"href":"https:\/\/goladinha.eu\/blog\/wp-json\/wp\/v2\/posts\/10588\/revisions\/10592"}],"wp:attachment":[{"href":"https:\/\/goladinha.eu\/blog\/wp-json\/wp\/v2\/media?parent=10588"}],"wp:term":[{"taxonomy":"category","embeddable":true,"href":"https:\/\/goladinha.eu\/blog\/wp-json\/wp\/v2\/categories?post=10588"},{"taxonomy":"post_tag","embeddable":true,"href":"https:\/\/goladinha.eu\/blog\/wp-json\/wp\/v2\/tags?post=10588"}],"curies":[{"name":"wp","href":"https:\/\/api.w.org\/{rel}","templated":true}]}}