{"id":10577,"date":"2017-12-05T20:20:11","date_gmt":"2017-12-05T20:20:11","guid":{"rendered":"http:\/\/goladinha.eu\/blog\/?p=10577"},"modified":"2017-12-05T20:20:11","modified_gmt":"2017-12-05T20:20:11","slug":"wo-kaemen-wir-hin","status":"publish","type":"post","link":"https:\/\/goladinha.eu\/blog\/2017\/12\/05\/wo-kaemen-wir-hin\/","title":{"rendered":"Wo k\u00e4men wir hin?"},"content":{"rendered":"<p>Terca-feira, 5 de Dezembro 2017 \u2013 das Wetter in Goladinha nachts \u21910 Grad \u2013 tags \u219114 Grad, <span style=\"color: #ff6600\">Sonne<\/span><\/p>\n<p><span class=\"st\"><strong> Kurt Marti <\/strong>hat angeeckt. Er war ein Querdenker, der viele genervt hat. Und doch geh\u00f6rt der 1921 geborene Marti neben und nach D\u00fcrrenmatt und Frisch zu den Gro\u00dfen der Schweizer Literatur. Die B\u00fccher des Theologen waren&#8230; <a href=\"http:\/\/www.deutschlandfunk.de\/der-schweizer-pfarrer-und-poet-kurt-marti-den-himmel-auf.886.de.html?dram:article_id=387443\" target=\"_blank\" rel=\"noopener\"><em>weiterlesen<\/em><\/a><br \/>\n<\/span><\/p>\n<div id=\"attachment_10579\" style=\"width: 510px\" class=\"wp-caption alignleft\"><img loading=\"lazy\" decoding=\"async\" aria-describedby=\"caption-attachment-10579\" class=\"size-full wp-image-10579\" src=\"https:\/\/goladinha.eu\/blog\/files\/2017\/12\/wo_kaemen_wir_hin_051217.jpg\" alt=\"Wo k\u00e4men wir hin, Kurt Marti, Goladinha\" width=\"500\" height=\"334\" srcset=\"https:\/\/goladinha.eu\/blog\/wp-content\/files\/2017\/12\/wo_kaemen_wir_hin_051217.jpg 500w, https:\/\/goladinha.eu\/blog\/wp-content\/files\/2017\/12\/wo_kaemen_wir_hin_051217-400x267.jpg 400w\" sizes=\"auto, (max-width: 500px) 100vw, 500px\" \/><p id=\"caption-attachment-10579\" class=\"wp-caption-text\">Wo glaubst Du, wo wir hink\u00e4men?<\/p><\/div>\n<p>&nbsp;<\/p>\n","protected":false},"excerpt":{"rendered":"<p>Terca-feira, 5 de Dezembro 2017 \u2013 das Wetter in Goladinha nachts \u21910 Grad \u2013 tags \u219114 Grad, Sonne Kurt Marti hat angeeckt. Er war ein Querdenker, der viele genervt hat. Und doch geh\u00f6rt der 1921 geborene Marti neben und nach D\u00fcrrenmatt und Frisch zu den Gro\u00dfen der Schweizer Literatur. Die B\u00fccher des Theologen waren&#8230; weiterlesen [&hellip;]<\/p>\n","protected":false},"author":337,"featured_media":0,"comment_status":"open","ping_status":"open","sticky":false,"template":"","format":"standard","meta":{"footnotes":""},"categories":[10],"tags":[],"class_list":["post-10577","post","type-post","status-publish","format-standard","hentry","category-allgemein"],"_links":{"self":[{"href":"https:\/\/goladinha.eu\/blog\/wp-json\/wp\/v2\/posts\/10577","targetHints":{"allow":["GET"]}}],"collection":[{"href":"https:\/\/goladinha.eu\/blog\/wp-json\/wp\/v2\/posts"}],"about":[{"href":"https:\/\/goladinha.eu\/blog\/wp-json\/wp\/v2\/types\/post"}],"author":[{"embeddable":true,"href":"https:\/\/goladinha.eu\/blog\/wp-json\/wp\/v2\/users\/337"}],"replies":[{"embeddable":true,"href":"https:\/\/goladinha.eu\/blog\/wp-json\/wp\/v2\/comments?post=10577"}],"version-history":[{"count":2,"href":"https:\/\/goladinha.eu\/blog\/wp-json\/wp\/v2\/posts\/10577\/revisions"}],"predecessor-version":[{"id":10580,"href":"https:\/\/goladinha.eu\/blog\/wp-json\/wp\/v2\/posts\/10577\/revisions\/10580"}],"wp:attachment":[{"href":"https:\/\/goladinha.eu\/blog\/wp-json\/wp\/v2\/media?parent=10577"}],"wp:term":[{"taxonomy":"category","embeddable":true,"href":"https:\/\/goladinha.eu\/blog\/wp-json\/wp\/v2\/categories?post=10577"},{"taxonomy":"post_tag","embeddable":true,"href":"https:\/\/goladinha.eu\/blog\/wp-json\/wp\/v2\/tags?post=10577"}],"curies":[{"name":"wp","href":"https:\/\/api.w.org\/{rel}","templated":true}]}}