{"id":10082,"date":"2017-09-17T21:53:17","date_gmt":"2017-09-17T20:53:17","guid":{"rendered":"http:\/\/goladinha.eu\/blog\/?p=10082"},"modified":"2017-09-17T21:56:53","modified_gmt":"2017-09-17T20:56:53","slug":"neuer-markt","status":"publish","type":"post","link":"https:\/\/goladinha.eu\/blog\/2017\/09\/17\/neuer-markt\/","title":{"rendered":"Neuer Markt"},"content":{"rendered":"<p>Domingo, 17 de Setembro 2017 \u2013 nachts \u2193\u21937 Grad \u2013 tags \u219324 Grad, <strong><span style=\"color: #ff6600\">Sonne<\/span> <\/strong><\/p>\n<p>Heute war ein besonderer Markttag in VILA FACAIA. Es war der Einweihungstag des neu renovierten und erweiterten Marktplatzes neben der Kirche. Am Vormittag zum Marktgeschehen zeigten sich noch nicht viele Menschen. M\u00f6glicherweise kamen am Nachmittag und am Abend mehr Publikum.<\/p>\n<div id=\"attachment_10084\" style=\"width: 510px\" class=\"wp-caption alignleft\"><img loading=\"lazy\" decoding=\"async\" aria-describedby=\"caption-attachment-10084\" class=\"size-full wp-image-10084\" src=\"https:\/\/goladinha.eu\/blog\/files\/2017\/09\/vila_f_neuer_markt_170917.jpg\" alt=\"Einweihung, neuer Markt, Vila Facaia, Goladinha\" width=\"500\" height=\"316\" srcset=\"https:\/\/goladinha.eu\/blog\/wp-content\/files\/2017\/09\/vila_f_neuer_markt_170917.jpg 500w, https:\/\/goladinha.eu\/blog\/wp-content\/files\/2017\/09\/vila_f_neuer_markt_170917-400x253.jpg 400w\" sizes=\"auto, (max-width: 500px) 100vw, 500px\" \/><p id=\"caption-attachment-10084\" class=\"wp-caption-text\">Von Einigen war zu h\u00f6ren, dass der Tag &#8211; 17.09. &#8211; ung\u00fcnstig gew\u00e4hlt wurde. Genau vor drei Monaten, am 17.06. war das grosse Feuer mit vielen Toten, wovon auch Vila Facaia schwer getroffen wurde. Es k\u00f6nnte sein, viele hatten keine rechte Freude am Feiern.<\/p><\/div>\n<p>&nbsp;<\/p>\n","protected":false},"excerpt":{"rendered":"<p>Domingo, 17 de Setembro 2017 \u2013 nachts \u2193\u21937 Grad \u2013 tags \u219324 Grad, Sonne Heute war ein besonderer Markttag in VILA FACAIA. Es war der Einweihungstag des neu renovierten und erweiterten Marktplatzes neben der Kirche. Am Vormittag zum Marktgeschehen zeigten sich noch nicht viele Menschen. M\u00f6glicherweise kamen am Nachmittag und am Abend mehr Publikum. &nbsp;<\/p>\n","protected":false},"author":337,"featured_media":0,"comment_status":"open","ping_status":"open","sticky":false,"template":"","format":"standard","meta":{"footnotes":""},"categories":[10],"tags":[],"class_list":["post-10082","post","type-post","status-publish","format-standard","hentry","category-allgemein"],"_links":{"self":[{"href":"https:\/\/goladinha.eu\/blog\/wp-json\/wp\/v2\/posts\/10082","targetHints":{"allow":["GET"]}}],"collection":[{"href":"https:\/\/goladinha.eu\/blog\/wp-json\/wp\/v2\/posts"}],"about":[{"href":"https:\/\/goladinha.eu\/blog\/wp-json\/wp\/v2\/types\/post"}],"author":[{"embeddable":true,"href":"https:\/\/goladinha.eu\/blog\/wp-json\/wp\/v2\/users\/337"}],"replies":[{"embeddable":true,"href":"https:\/\/goladinha.eu\/blog\/wp-json\/wp\/v2\/comments?post=10082"}],"version-history":[{"count":4,"href":"https:\/\/goladinha.eu\/blog\/wp-json\/wp\/v2\/posts\/10082\/revisions"}],"predecessor-version":[{"id":10087,"href":"https:\/\/goladinha.eu\/blog\/wp-json\/wp\/v2\/posts\/10082\/revisions\/10087"}],"wp:attachment":[{"href":"https:\/\/goladinha.eu\/blog\/wp-json\/wp\/v2\/media?parent=10082"}],"wp:term":[{"taxonomy":"category","embeddable":true,"href":"https:\/\/goladinha.eu\/blog\/wp-json\/wp\/v2\/categories?post=10082"},{"taxonomy":"post_tag","embeddable":true,"href":"https:\/\/goladinha.eu\/blog\/wp-json\/wp\/v2\/tags?post=10082"}],"curies":[{"name":"wp","href":"https:\/\/api.w.org\/{rel}","templated":true}]}}