{"id":10048,"date":"2017-09-11T18:30:06","date_gmt":"2017-09-11T17:30:06","guid":{"rendered":"http:\/\/goladinha.eu\/blog\/?p=10048"},"modified":"2017-09-11T18:30:06","modified_gmt":"2017-09-11T17:30:06","slug":"schwarzholz","status":"publish","type":"post","link":"https:\/\/goladinha.eu\/blog\/2017\/09\/11\/schwarzholz\/","title":{"rendered":"Schwarzholz"},"content":{"rendered":"<p>Segunda-feira, 11 de Setembro 2017 \u2013 nachts \u219113 Grad \u2013 tags \u219129 Grad, <span style=\"color: #ff6600\"><strong>Sonne<\/strong><\/span><\/p>\n<p>Nach dem M\u00e4nnerRetreat beginnen wir mit dem F\u00e4llen der, vom Brand gesch\u00e4digten, Pinien.<br \/>\nDie meisten B\u00e4ume sind nicht wirklich verbrannt, aufgrund der starken Hitzeentwicklung w\u00e4hrend des Brandes jedoch &#8222;todesgeweiht&#8220;-gesch\u00e4digt. Im unteren Stammbereich ist die Rinde schwarz verkohlt. Man spricht dann von &#8222;Schwarzholz&#8220;. Der Wert in Euro sinkt dann um ein Drittel.<\/p>\n<div id=\"attachment_10051\" style=\"width: 510px\" class=\"wp-caption alignleft\"><img loading=\"lazy\" decoding=\"async\" aria-describedby=\"caption-attachment-10051\" class=\"size-full wp-image-10051\" src=\"https:\/\/goladinha.eu\/blog\/files\/2017\/09\/baeume_faellen_110917.jpg\" alt=\"B\u00e4ume f\u00e4llen nach dem M\u00e4nner Retreat 2017, Goladinha\" width=\"500\" height=\"362\" srcset=\"https:\/\/goladinha.eu\/blog\/wp-content\/files\/2017\/09\/baeume_faellen_110917.jpg 500w, https:\/\/goladinha.eu\/blog\/wp-content\/files\/2017\/09\/baeume_faellen_110917-400x290.jpg 400w\" sizes=\"auto, (max-width: 500px) 100vw, 500px\" \/><p id=\"caption-attachment-10051\" class=\"wp-caption-text\">Wir beginnen auf dem Ostr\u00fccken unseres Hausberges<\/p><\/div>\n<p>&nbsp;<\/p>\n","protected":false},"excerpt":{"rendered":"<p>Segunda-feira, 11 de Setembro 2017 \u2013 nachts \u219113 Grad \u2013 tags \u219129 Grad, Sonne Nach dem M\u00e4nnerRetreat beginnen wir mit dem F\u00e4llen der, vom Brand gesch\u00e4digten, Pinien. Die meisten B\u00e4ume sind nicht wirklich verbrannt, aufgrund der starken Hitzeentwicklung w\u00e4hrend des Brandes jedoch &#8222;todesgeweiht&#8220;-gesch\u00e4digt. Im unteren Stammbereich ist die Rinde schwarz verkohlt. Man spricht dann von [&hellip;]<\/p>\n","protected":false},"author":337,"featured_media":0,"comment_status":"open","ping_status":"open","sticky":false,"template":"","format":"standard","meta":{"footnotes":""},"categories":[10],"tags":[],"class_list":["post-10048","post","type-post","status-publish","format-standard","hentry","category-allgemein"],"_links":{"self":[{"href":"https:\/\/goladinha.eu\/blog\/wp-json\/wp\/v2\/posts\/10048","targetHints":{"allow":["GET"]}}],"collection":[{"href":"https:\/\/goladinha.eu\/blog\/wp-json\/wp\/v2\/posts"}],"about":[{"href":"https:\/\/goladinha.eu\/blog\/wp-json\/wp\/v2\/types\/post"}],"author":[{"embeddable":true,"href":"https:\/\/goladinha.eu\/blog\/wp-json\/wp\/v2\/users\/337"}],"replies":[{"embeddable":true,"href":"https:\/\/goladinha.eu\/blog\/wp-json\/wp\/v2\/comments?post=10048"}],"version-history":[{"count":2,"href":"https:\/\/goladinha.eu\/blog\/wp-json\/wp\/v2\/posts\/10048\/revisions"}],"predecessor-version":[{"id":10052,"href":"https:\/\/goladinha.eu\/blog\/wp-json\/wp\/v2\/posts\/10048\/revisions\/10052"}],"wp:attachment":[{"href":"https:\/\/goladinha.eu\/blog\/wp-json\/wp\/v2\/media?parent=10048"}],"wp:term":[{"taxonomy":"category","embeddable":true,"href":"https:\/\/goladinha.eu\/blog\/wp-json\/wp\/v2\/categories?post=10048"},{"taxonomy":"post_tag","embeddable":true,"href":"https:\/\/goladinha.eu\/blog\/wp-json\/wp\/v2\/tags?post=10048"}],"curies":[{"name":"wp","href":"https:\/\/api.w.org\/{rel}","templated":true}]}}